{"id":1945,"date":"2018-07-09T17:11:59","date_gmt":"2018-07-09T15:11:59","guid":{"rendered":"http:\/\/optim-conseil.fr\/dev\/?p=1945"},"modified":"2021-07-03T19:56:34","modified_gmt":"2021-07-03T17:56:34","slug":"le-salarie-de-la-discorde-la-france-agricole-employeur","status":"publish","type":"post","link":"http:\/\/optim-conseil.fr\/dev\/index.php\/2018\/07\/09\/le-salarie-de-la-discorde-la-france-agricole-employeur\/","title":{"rendered":"Le salari\u00e9 de la discorde, La France Agricole employeur"},"content":{"rendered":"\n<p>A la suite du d\u00e9part \u00e0 la retraite de Guy, son fils Antoine, sa fille, Justine et son gendre, Julien, ont d\u00e9cid\u00e9 de reprendre ses exploitations. Parmi les pierres d\u2019achoppement&nbsp;: le chef de culture embauch\u00e9 nagu\u00e8re par le p\u00e8re. Durant quatre mois, St\u00e9phanie Heurtaut, fondatrice d\u2019Optim\u2019Conseil, les a accompagn\u00e9s, et aid\u00e9s \u00e0 red\u00e9finir les responsabilit\u00e9s au sein de leur nouvelle organisation.<\/p>\n\n\n\n<p><strong>St\u00e9phanie Heurtaut<\/strong> a cr\u00e9\u00e9 en 2013 <strong>Optim\u2019conseil<\/strong>, une entreprise de conseil en organisation, et am\u00e9lioration de la performance des entreprises. Issue du milieu agricole, fille et femme d\u2019agriculteur, elle accompagne notamment les exploitants qui souhaitent s\u2019associer ou qui le sont d\u00e9j\u00e0, mais dont le but est de mieux travailler ensemble.<\/p>\n\n\n\n<p>A travers un cas d\u2019\u00e9cole, elle livre les cl\u00e9s pour parvenir \u00e0 mieux s\u2019organiser entre associ\u00e9s et salari\u00e9s.<\/p>\n\n\n\n<p><strong>La famille<\/strong><\/p>\n\n\n\n<p>Guy, le p\u00e8re<\/p>\n\n\n\n<p>La fille, Justine, est mari\u00e9e avec Julien.<\/p>\n\n\n\n<p>Le fils, Antoine.<\/p>\n\n\n\n<p><strong>La situation&nbsp;<\/strong><\/p>\n\n\n\n<p>Justine, Antoine, ainsi que Julien sont int\u00e9ress\u00e9s par reprendre l\u2019une des deux exploitations sp\u00e9cialis\u00e9es en grandes cultures, de Guy. Julien, le mari, poss\u00e8de d\u00e9j\u00e0 sa propre exploitation, \u00e9galement sp\u00e9cialis\u00e9e en grandes cultures.<\/p>\n\n\n\n<p>Leur objectif est que Julien, le gendre, s\u2019occupe de la conduite technique des trois exploitations, et le fils, Antoine, du volet administratif. Justine participe \u00e0 toutes les prises de d\u00e9cision. Il est pr\u00e9vu que le mat\u00e9riel soit mis en commun, ainsi que les salari\u00e9s. Sur ce dernier point, en plus de salari\u00e9s occasionnels, Guy emploie un chef de culture, tr\u00e8s autonome.<\/p>\n\n\n\n<p>La famille souhaite \u00eatre accompagn\u00e9e dans cette nouvelle association et fait appel \u00e0 St\u00e9phanie Heurtaut. Leur volont\u00e9 est que l\u2019organisation entre eux soit clairement d\u00e9finie d\u00e8s le d\u00e9part.<\/p>\n\n\n\n<p><strong><em>Cl\u00e9 1<\/em><\/strong><em>: Prendre le temps de d\u00e9celer les objectifs communs \u00e0 tous<\/em><\/p>\n\n\n\n<p>Au cours d\u2019entretiens individuels, St\u00e9phanie Heurtaut rencontre pendant deux heures chaque membre de la famille, afin de conna\u00eetre leurs objectifs personnels.<\/p>\n\n\n\n<p>Puis, vient l\u2019\u00e9tape de restitution au cours d\u2019un premier rendez-vous collectif, durant une demi-journ\u00e9e. L\u2019objectif est de parvenir \u00e0 d\u00e9gager des objectifs communs pour la nouvelle association.&nbsp;<\/p>\n\n\n\n<p><strong>Sur la nouvelle organisation<\/strong><\/p>\n\n\n\n<p>\u00ab&nbsp;Sur le premier rendez-vous, tout le monde \u00e9tait d\u2019accord sur la nouvelle organisation. Certains m\u2019ont appel\u00e9e ensuite pour me faire part de leurs inqui\u00e9tudes. J\u2019ai compris alors que l\u2019association n\u2019\u00e9tait pas si simple&nbsp;\u00bb. Globalement, chacun craint la main mise de l\u2019autre sur l\u2019ensemble des trois exploitations<s>. <\/s>\u00ab&nbsp;J\u2019ai compris qu\u2019ils n\u2019avaient pas toujours la m\u00eame fa\u00e7on de voir les choses, constate St\u00e9phanie Heurtaut. L\u2019enjeu est double dans leur cas. On parle de rapports professionnels, mais aussi familiaux. Il \u00e9tait indispensable qu\u2019ils arrivent \u00e0 un consensus, pour la famille et pour le travail&nbsp;\u00bb.<\/p>\n\n\n\n<p>\u00ab&nbsp;Nous avons alors travaill\u00e9 \u00e0 trouver un consensus&nbsp;\u00bb.<\/p>\n\n\n\n<p><strong><em>Cl\u00e9 2<\/em><\/strong><em>&nbsp;: tout se dire.<\/em><\/p>\n\n\n\n<p>Face \u00e0 la situation, le gendre, Julien, tente de trouver une solution \u00e9quitable&nbsp;: \u00ab&nbsp;Pour ne l\u00e9ser personne, il propose que telle machine effectue les chantiers de la ferme A, puis la ferme B, puis la C en ann\u00e9e 1, puis de B \u00e0 C \u00e0 A en ann\u00e9e 2, etc. \u00ab&nbsp;C\u2019\u00e9tait un raisonnement purement math\u00e9matique. J\u2019ai alors demand\u00e9 \u00e0 Julien&nbsp;: \u00ab&nbsp;si la structure rassemblant les trois exploitations \u00e9tait la v\u00f4tre, comment feriez-vous&nbsp;?&nbsp;\u00bb. Son raisonnement a alors chang\u00e9 : \u00ab&nbsp;Je regarderai en fonction de l\u2019avanc\u00e9e des cultures, du temps \u2026&nbsp;\u00bb, m\u2019a-t-il r\u00e9pondu. Pour \u00e9viter les probl\u00e8mes, il proposait une solution qui lui paraissait \u00e9quitable, mais au fond inadapt\u00e9e&nbsp;\u00bb.<\/p>\n\n\n\n<p>La famille a finalement trouv\u00e9 un consensus sur la deuxi\u00e8me proposition d\u2019organisation de Julien. \u00ab&nbsp;Ca a d\u2019un coup sembl\u00e9 logique \u00e0 tout le monde&nbsp;\u00bb. Il \u00e9tait n\u00e9cessaire que Julien, \u00e0 la man\u0153uvre sur tous les travaux, ait les coud\u00e9es franches. Guy a fini par lui faire confiance, et par se retirer compl\u00e8tement.<\/p>\n\n\n\n<p><strong><em>Cl\u00e9 3:<\/em><\/strong><em> bien d\u00e9finir les r\u00f4les et les responsabilit\u00e9s de chacun. Le mieux, les \u00e9crire sur un document qui tient lieu de r\u00e8glement int\u00e9rieur. \u00ab&nbsp;C\u2019est un motif de friction r\u00e9current&nbsp;\u00bb.<\/em><\/p>\n\n\n\n<p><strong><em>Cl\u00e9 4<\/em><\/strong><em>&nbsp;: se voir r\u00e9guli\u00e8rement pour faire le point sur les chantiers, et les responsabilit\u00e9s de chacun, associ\u00e9 comme salari\u00e9, \u00ab&nbsp;m\u00eame si on a beaucoup de boulot. Il est important de se voir au moins durant une heure par semaine, avec un ordre du jour.&nbsp;\u00bb<\/em><\/p>\n\n\n\n<p><strong>Sur les salari\u00e9s<\/strong><\/p>\n\n\n\n<p>L\u2019autre souci rencontr\u00e9 par la famille venait du chef de culture que Guy avait embauch\u00e9. Il l\u2019appelait \u00ab&nbsp;mon second&nbsp;\u00bb&nbsp;: tr\u00e8s autonome, le chef de culture s\u2019occupait de tout, \u00ab&nbsp;il rendait des comptes chaque matin \u00e0 Guy, mais il avait globalement toute la libert\u00e9 de d\u00e9cider de son organisation&nbsp;\u00bb. Depuis que ses enfants sont associ\u00e9s, Guy observe que Julien ne laisse pas assez de place \u00e0 ce chef de culture avec qui il a d\u00e9velopp\u00e9 des relations amicales. C\u2019est que Julien, \u00e0 la conduite, s\u2019occupe en effet lui-m\u00eame des cultures. \u00ab&nbsp;Par rapport aux r\u00f4les et responsabilit\u00e9s, tout \u00e9tait red\u00e9fini. Julien d\u00e9cidait de l\u2019organisation. Ce qui ne pouvait plus convenir au chef de culture\u00bb.<\/p>\n\n\n\n<p>\u00ab&nbsp;J\u2019ai alors rencontr\u00e9 le chef de culture et j\u2019ai revu le gendre, explique St\u00e9phanie Heurtaut. On n\u2019\u00e9tait plus sur le sujet de l\u2019association, mais comment faire pour bien travailler avec ce salari\u00e9. Guy comme Antoine, son fils, esp\u00e9raient&nbsp; que ce salari\u00e9 reste, ils avaient de tr\u00e8s bons rapports avec lui, et une grande confiance, ils ne voulaient pas le voir partir. Sauf qu\u2019avec l\u2019arriv\u00e9e de Julien, les cartes \u00e9taient redistribu\u00e9es&nbsp;\u00bb.<\/p>\n\n\n\n<p>Lors d\u2019un entretien individuel, le salari\u00e9 a d\u2019embl\u00e9e expliqu\u00e9 \u00e0 St\u00e9phanie Heurtaut qu\u2019il y avait 80% de chance pour qu\u2019il s\u2019en aille. \u00ab&nbsp;Ce n\u2019\u00e9tait pas un probl\u00e8me de mauvais rapports, m\u2019a-t-il justifi\u00e9. Le diff\u00e9rend ne relevait pas d\u2019une histoire de personne mais bien de situation. Je lui ai demand\u00e9 ce qui pouvait le faire rester: \u00ab&nbsp;Qu\u2019on me laisse de l\u2019autonomie comme avant&nbsp;!&nbsp;\u00bb, a-t-il r\u00e9torqu\u00e9. Et cela, \u00e7a n\u2019\u00e9tait plus possible&nbsp;\u00bb. Le chef de culture est finalement parti. La famille a alors red\u00e9fini ses besoins en mati\u00e8re de main d\u2019oeuvre.<\/p>\n\n\n\n<p><strong><em>Cl\u00e9 5&nbsp;:<\/em><\/strong><em> trouver la bonne personne par rapport \u00e0 la situation.<\/em><\/p>\n\n\n\n<p>\u00ab&nbsp;Ils n\u2019avaient plus besoin de quelqu\u2019un d\u2019aussi autonome. Nous avons red\u00e9fini le poste et r\u00e9dig\u00e9 leur annonce en fonction, poursuit St\u00e9phanie Heurtaut. Il est important de ne pas se pr\u00e9cipiter et de recruter la personne dont ils ont r\u00e9ellement besoin&nbsp;\u00bb.<\/p>\n\n\n\n<p>Pour la famille, cela semblait compliqu\u00e9 au d\u00e9part de recruter&nbsp;: elle aurait donc pr\u00e9f\u00e9r\u00e9 garder le chef de culture, m\u00eame si la situation ne correspondait plus. \u00ab&nbsp;Mais en g\u00e9n\u00e9ral, \u00e7a ne satisfait personne, et le salari\u00e9 ne reste pas&nbsp;\u00bb.<\/p>\n\n\n\n<p>La famille a finalement recrut\u00e9 un salari\u00e9 plus adapt\u00e9, \u00e0 savoir moins qualifi\u00e9, et avec un salaire moindre. Leur organisation est aujourd\u2019hui une r\u00e9ussite, et tous les membres de la famille continuent \u00e0 d\u00e9jeuner ensemble le dimanche&#8230;<\/p>\n\n\n\n<p><strong>Le processus global peut durer entre trois et six mois<\/strong>, selon les situations. Dans ce cas pr\u00e9cis, St\u00e9phanie Heurtaut est intervenue \u00e0 deux reprises. L\u2019accompagnement a dur\u00e9 environ quatre mois, \u00ab&nbsp;avec des rendez-vous organis\u00e9s tous les quinze jours par demie journ\u00e9e&nbsp;\u00bb.<\/p>\n","protected":false},"excerpt":{"rendered":"<p>A la suite du d\u00e9part \u00e0 la retraite de Guy, son fils Antoine, sa fille, Justine et son gendre, Julien, ont d\u00e9cid\u00e9 de reprendre ses exploitations. Parmi les pierres d\u2019achoppement&nbsp;: le chef de culture embauch\u00e9 nagu\u00e8re par le p\u00e8re. Durant quatre mois, St\u00e9phanie Heurtaut, fondatrice d\u2019Optim\u2019Conseil, les a accompagn\u00e9s, et aid\u00e9s \u00e0 red\u00e9finir les responsabilit\u00e9s [&hellip;]<\/p>\n","protected":false},"author":1,"featured_media":2805,"comment_status":"open","ping_status":"open","sticky":false,"template":"","format":"standard","meta":[],"categories":[36],"tags":[33,45],"yoast_head":"<!-- This site is optimized with the Yoast SEO plugin v16.5 - https:\/\/yoast.com\/wordpress\/plugins\/seo\/ -->\n<title>Le salari\u00e9 de la discorde, La France Agricole employeur - Optim&#039;Conseil<\/title>\n<meta name=\"robots\" content=\"index, follow, max-snippet:-1, max-image-preview:large, max-video-preview:-1\" \/>\n<link rel=\"canonical\" href=\"http:\/\/optim-conseil.fr\/dev\/index.php\/2018\/07\/09\/le-salarie-de-la-discorde-la-france-agricole-employeur\/\" \/>\n<meta property=\"og:locale\" content=\"fr_FR\" \/>\n<meta property=\"og:type\" content=\"article\" \/>\n<meta property=\"og:title\" content=\"Le salari\u00e9 de la discorde, La France Agricole employeur - Optim&#039;Conseil\" \/>\n<meta property=\"og:description\" content=\"A la suite du d\u00e9part \u00e0 la retraite de Guy, son fils Antoine, sa fille, Justine et son gendre, Julien, ont d\u00e9cid\u00e9 de reprendre ses exploitations. Parmi les pierres d\u2019achoppement&nbsp;: le chef de culture embauch\u00e9 nagu\u00e8re par le p\u00e8re. Durant quatre mois, St\u00e9phanie Heurtaut, fondatrice d\u2019Optim\u2019Conseil, les a accompagn\u00e9s, et aid\u00e9s \u00e0 red\u00e9finir les responsabilit\u00e9s [&hellip;]\" \/>\n<meta property=\"og:url\" content=\"http:\/\/optim-conseil.fr\/dev\/index.php\/2018\/07\/09\/le-salarie-de-la-discorde-la-france-agricole-employeur\/\" \/>\n<meta property=\"og:site_name\" content=\"Optim&#039;Conseil\" \/>\n<meta property=\"article:published_time\" content=\"2018-07-09T15:11:59+00:00\" \/>\n<meta property=\"article:modified_time\" content=\"2021-07-03T17:56:34+00:00\" \/>\n<meta property=\"og:image\" content=\"http:\/\/optim-conseil.fr\/dev\/wp-content\/uploads\/2021\/07\/Picto-agriculteurs.jpg\" \/>\n\t<meta property=\"og:image:width\" content=\"626\" \/>\n\t<meta property=\"og:image:height\" content=\"330\" \/>\n<meta name=\"twitter:card\" content=\"summary_large_image\" \/>\n<meta name=\"twitter:label1\" content=\"Dur\u00e9e de lecture est.\" \/>\n\t<meta name=\"twitter:data1\" content=\"5 minutes\" \/>\n<script type=\"application\/ld+json\" class=\"yoast-schema-graph\">{\"@context\":\"https:\/\/schema.org\",\"@graph\":[{\"@type\":\"WebSite\",\"@id\":\"http:\/\/optim-conseil.fr\/dev\/#website\",\"url\":\"http:\/\/optim-conseil.fr\/dev\/\",\"name\":\"Optim&#039;Conseil\",\"description\":\"Optimisez la performance de votre organisation\",\"potentialAction\":[{\"@type\":\"SearchAction\",\"target\":\"http:\/\/optim-conseil.fr\/dev\/?s={search_term_string}\",\"query-input\":\"required name=search_term_string\"}],\"inLanguage\":\"fr-FR\"},{\"@type\":\"ImageObject\",\"@id\":\"http:\/\/optim-conseil.fr\/dev\/index.php\/2018\/07\/09\/le-salarie-de-la-discorde-la-france-agricole-employeur\/#primaryimage\",\"inLanguage\":\"fr-FR\",\"url\":\"http:\/\/optim-conseil.fr\/dev\/wp-content\/uploads\/2021\/07\/Picto-agriculteurs.jpg\",\"contentUrl\":\"http:\/\/optim-conseil.fr\/dev\/wp-content\/uploads\/2021\/07\/Picto-agriculteurs.jpg\",\"width\":626,\"height\":330},{\"@type\":\"WebPage\",\"@id\":\"http:\/\/optim-conseil.fr\/dev\/index.php\/2018\/07\/09\/le-salarie-de-la-discorde-la-france-agricole-employeur\/#webpage\",\"url\":\"http:\/\/optim-conseil.fr\/dev\/index.php\/2018\/07\/09\/le-salarie-de-la-discorde-la-france-agricole-employeur\/\",\"name\":\"Le salari\\u00e9 de la discorde, La France Agricole employeur - Optim&#039;Conseil\",\"isPartOf\":{\"@id\":\"http:\/\/optim-conseil.fr\/dev\/#website\"},\"primaryImageOfPage\":{\"@id\":\"http:\/\/optim-conseil.fr\/dev\/index.php\/2018\/07\/09\/le-salarie-de-la-discorde-la-france-agricole-employeur\/#primaryimage\"},\"datePublished\":\"2018-07-09T15:11:59+00:00\",\"dateModified\":\"2021-07-03T17:56:34+00:00\",\"author\":{\"@id\":\"http:\/\/optim-conseil.fr\/dev\/#\/schema\/person\/fa069291191d68a1362ac7fc5e188711\"},\"breadcrumb\":{\"@id\":\"http:\/\/optim-conseil.fr\/dev\/index.php\/2018\/07\/09\/le-salarie-de-la-discorde-la-france-agricole-employeur\/#breadcrumb\"},\"inLanguage\":\"fr-FR\",\"potentialAction\":[{\"@type\":\"ReadAction\",\"target\":[\"http:\/\/optim-conseil.fr\/dev\/index.php\/2018\/07\/09\/le-salarie-de-la-discorde-la-france-agricole-employeur\/\"]}]},{\"@type\":\"BreadcrumbList\",\"@id\":\"http:\/\/optim-conseil.fr\/dev\/index.php\/2018\/07\/09\/le-salarie-de-la-discorde-la-france-agricole-employeur\/#breadcrumb\",\"itemListElement\":[{\"@type\":\"ListItem\",\"position\":1,\"name\":\"Accueil\",\"item\":\"http:\/\/optim-conseil.fr\/dev\/\"},{\"@type\":\"ListItem\",\"position\":2,\"name\":\"Le salari\\u00e9 de la discorde, La France Agricole employeur\"}]},{\"@type\":\"Person\",\"@id\":\"http:\/\/optim-conseil.fr\/dev\/#\/schema\/person\/fa069291191d68a1362ac7fc5e188711\",\"name\":\"St\\u00e9phanie Heurtaut\",\"image\":{\"@type\":\"ImageObject\",\"@id\":\"http:\/\/optim-conseil.fr\/dev\/#personlogo\",\"inLanguage\":\"fr-FR\",\"url\":\"http:\/\/2.gravatar.com\/avatar\/50832b90bdbd77b4b6a5389a8f9889dc?s=96&d=mm&r=g\",\"contentUrl\":\"http:\/\/2.gravatar.com\/avatar\/50832b90bdbd77b4b6a5389a8f9889dc?s=96&d=mm&r=g\",\"caption\":\"St\\u00e9phanie Heurtaut\"},\"url\":\"http:\/\/optim-conseil.fr\/dev\/index.php\/author\/lateamweb\/\"}]}<\/script>\n<!-- \/ Yoast SEO plugin. -->","_links":{"self":[{"href":"http:\/\/optim-conseil.fr\/dev\/index.php\/wp-json\/wp\/v2\/posts\/1945"}],"collection":[{"href":"http:\/\/optim-conseil.fr\/dev\/index.php\/wp-json\/wp\/v2\/posts"}],"about":[{"href":"http:\/\/optim-conseil.fr\/dev\/index.php\/wp-json\/wp\/v2\/types\/post"}],"author":[{"embeddable":true,"href":"http:\/\/optim-conseil.fr\/dev\/index.php\/wp-json\/wp\/v2\/users\/1"}],"replies":[{"embeddable":true,"href":"http:\/\/optim-conseil.fr\/dev\/index.php\/wp-json\/wp\/v2\/comments?post=1945"}],"version-history":[{"count":1,"href":"http:\/\/optim-conseil.fr\/dev\/index.php\/wp-json\/wp\/v2\/posts\/1945\/revisions"}],"predecessor-version":[{"id":1947,"href":"http:\/\/optim-conseil.fr\/dev\/index.php\/wp-json\/wp\/v2\/posts\/1945\/revisions\/1947"}],"wp:featuredmedia":[{"embeddable":true,"href":"http:\/\/optim-conseil.fr\/dev\/index.php\/wp-json\/wp\/v2\/media\/2805"}],"wp:attachment":[{"href":"http:\/\/optim-conseil.fr\/dev\/index.php\/wp-json\/wp\/v2\/media?parent=1945"}],"wp:term":[{"taxonomy":"category","embeddable":true,"href":"http:\/\/optim-conseil.fr\/dev\/index.php\/wp-json\/wp\/v2\/categories?post=1945"},{"taxonomy":"post_tag","embeddable":true,"href":"http:\/\/optim-conseil.fr\/dev\/index.php\/wp-json\/wp\/v2\/tags?post=1945"}],"curies":[{"name":"wp","href":"https:\/\/api.w.org\/{rel}","templated":true}]}}